{"id":1695,"date":"2025-01-22T12:08:59","date_gmt":"2025-01-22T11:08:59","guid":{"rendered":"https:\/\/www.acconti.sk\/?p=1695"},"modified":"2025-01-22T12:46:33","modified_gmt":"2025-01-22T11:46:33","slug":"vyska-zakladnej-nahrady-za-km-pri-pouziti-sukromneho-vozidla-od-1-5-2024","status":"publish","type":"post","link":"https:\/\/www.acconti.sk\/en\/vyska-zakladnej-nahrady-za-km-pri-pouziti-sukromneho-vozidla-od-1-5-2024\/","title":{"rendered":"V\u00fd\u0161ka z\u00e1kladnej n\u00e1hrady za km pri pou\u017eit\u00ed s\u00fakromn\u00e9ho vozidla od 1.5.2024"},"content":{"rendered":"<p><span style=\"color: #808080;\"><strong>V\u00fd\u0161ka z\u00e1kladnej n\u00e1hrady za km pri pou\u017eit\u00ed s\u00fakromn\u00e9ho vozidla od 1.5.2024 <\/strong><\/span><\/p>\n<p>Pou\u017eitie vlastn\u00e9ho motorov\u00e9ho vozidla na slu\u017eobn\u00fa cestu je zakotven\u00e9 v z\u00e1kone o cestovn\u00fdch n\u00e1hrad\u00e1ch. Ak idete na pracovn\u00fa cestu do in\u00e9ho mesta vlastn\u00fdm autom, okrem spotrebovan\u00e9ho paliva dostanete <strong>cestovn\u00fa n\u00e1hradu vo v\u00fd\u0161ke 0,265 \u20ac za ka\u017ed\u00fd kilometer jazdy<\/strong>. V pr\u00edpade, \u017ee pou\u017eijete motorku alebo sk\u00fater, n\u00e1hrada je 0,075 <strong>\u20ac za ka\u017ed\u00fd kilometer jazdy.<\/strong><\/p>\n<p>&nbsp;<\/p>\n<p><span style=\"color: #808080;\"><strong>Cena PHL od 1.1.2025 pri vy\u00fa\u010dtovan\u00ed pracovnej cesty S\u00daKROMN\u00ddM VOZIDLOM-elektromobilom<\/strong><\/span><\/p>\n<p>Ak zamestnanec bude preukazova\u0165 cenu PHL viacer\u00fdmi dokladmi o\u00a0k\u00fape PHL, cena PHL sa m\u00f4\u017ee vypo\u010d\u00edta\u0165 aritmetick\u00fdm priemerom preuk\u00e1zan\u00fdch cien.<\/p>\n<p>V\u00a0pr\u00edpade ak zamestnanec nem\u00e1 k\u00a0dispoz\u00edcii doklady o\u00a0k\u00fape PHL, na v\u00fdpo\u010det n\u00e1hrady sa m\u00f4\u017ee pou\u017ei\u0165 jednotkov\u00e1 cena PHL, ktor\u00e1 platila v\u00a0\u010dase n\u00e1stupu na pracovn\u00fa cestu, zisten\u00e1 \u0160tatistick\u00fdm \u00faradom SR. Uveden\u00e9 plat\u00ed\u00a0 pre elektromobily.<\/p>\n<p><span style=\"color: #808080;\"><strong><br \/>\nMinim\u00e1lne odvody \u017eivnostn\u00edkov od 1.1.2025<\/strong><strong>\u00a0<\/strong><\/span><\/p>\n<p><strong>Minim\u00e1lny vymeriavac\u00ed z\u00e1klad pre platenie odvodov pre rok 2025 je 715 eur.<\/strong><\/p>\n<p>Minim\u00e1lne odvody :<\/p>\n<p><strong>zdravotn\u00e1 pois\u0165ov\u0148a \u00a0&#8211; suma 107,25 eur<\/strong>\u00a0 \u00a0\u00a0 (zdravotne postihnut\u00fd suma 53,62 eur)<\/p>\n<p><strong>soci\u00e1lna pois\u0165ov\u0148a \u00a0\u00a0\u00a0&#8211; suma 237,02 eur<\/strong><\/p>\n<p>Pre \u010fal\u0161ie mo\u017enosti benefitov, pr\u00edpadne n\u00e1hrad n\u00e1s m\u00f4\u017eete kontaktova\u0165.<\/p>\n<p>\ud83d\udcde <strong>Potrebujete viac inform\u00e1ci\u00ed?<\/strong> Nev\u00e1hajte n\u00e1s kontaktova\u0165 \u2013 sme tu pre v\u00e1s!<\/p>\n<p>\ud83d\udce7 <strong>M\u00e1te ot\u00e1zky?<\/strong> Nap\u00ed\u0161te n\u00e1m a radi v\u00e1m poskytneme odpovede.<\/p>\n<p>\ud83d\udca1 <strong>Chcete sa poradi\u0165?<\/strong> Spojte sa s nami a n\u00e1jdeme pre v\u00e1s najlep\u0161ie rie\u0161enie.<\/p>\n<div style=\"margin-top: 20px; margin-bottom: 0px;\" class=\"sharethis-inline-share-buttons\" ><\/div>","protected":false},"excerpt":{"rendered":"<p>V\u00fd\u0161ka z\u00e1kladnej n\u00e1hrady s\u00fakromn\u00e9ho vozidla od 1.5.2024<\/p>","protected":false},"author":2,"featured_media":1508,"comment_status":"closed","ping_status":"open","sticky":false,"template":"","format":"standard","meta":{"footnotes":""},"categories":[1],"tags":[],"class_list":["post-1695","post","type-post","status-publish","format-standard","has-post-thumbnail","hentry","category-dph"],"yoast_head":"<!-- This site is optimized with the Yoast SEO plugin v25.5 - https:\/\/yoast.com\/wordpress\/plugins\/seo\/ -->\n<title>V\u00fd\u0161ka z\u00e1kladnej n\u00e1hrady za km pri pou\u017eit\u00ed s\u00fakromn\u00e9ho vozidla od 1.5.2024 - \u00fa\u010dtovn\u00edcka a mzdov\u00e1 agenda<\/title>\n<meta name=\"robots\" content=\"index, follow, max-snippet:-1, max-image-preview:large, max-video-preview:-1\" \/>\n<link rel=\"canonical\" href=\"https:\/\/www.acconti.sk\/en\/vyska-zakladnej-nahrady-za-km-pri-pouziti-sukromneho-vozidla-od-1-5-2024\/\" \/>\n<meta property=\"og:locale\" content=\"en_US\" \/>\n<meta property=\"og:type\" content=\"article\" \/>\n<meta property=\"og:title\" content=\"V\u00fd\u0161ka z\u00e1kladnej n\u00e1hrady za km pri pou\u017eit\u00ed s\u00fakromn\u00e9ho vozidla od 1.5.2024 - \u00fa\u010dtovn\u00edcka a mzdov\u00e1 agenda\" \/>\n<meta property=\"og:description\" content=\"V\u00fd\u0161ka z\u00e1kladnej n\u00e1hrady s\u00fakromn\u00e9ho vozidla od 1.5.2024\" \/>\n<meta property=\"og:url\" content=\"https:\/\/www.acconti.sk\/en\/vyska-zakladnej-nahrady-za-km-pri-pouziti-sukromneho-vozidla-od-1-5-2024\/\" \/>\n<meta property=\"og:site_name\" content=\"\u00fa\u010dtovn\u00edcka a mzdov\u00e1 agenda\" \/>\n<meta property=\"article:published_time\" content=\"2025-01-22T11:08:59+00:00\" \/>\n<meta property=\"article:modified_time\" content=\"2025-01-22T11:46:33+00:00\" \/>\n<meta property=\"og:image\" content=\"https:\/\/www.acconti.sk\/wp-content\/uploads\/2024\/10\/Image45223.jpg\" \/>\n\t<meta property=\"og:image:width\" content=\"375\" \/>\n\t<meta property=\"og:image:height\" content=\"250\" \/>\n\t<meta property=\"og:image:type\" content=\"image\/jpeg\" \/>\n<meta name=\"author\" content=\"Katar\u00edna Lehotsk\u00e1\" \/>\n<meta name=\"twitter:card\" content=\"summary_large_image\" \/>\n<meta name=\"twitter:label1\" content=\"Written by\" \/>\n\t<meta name=\"twitter:data1\" content=\"Katar\u00edna Lehotsk\u00e1\" \/>\n\t<meta name=\"twitter:label2\" content=\"Est. reading time\" \/>\n\t<meta name=\"twitter:data2\" content=\"2 minutes\" \/>\n<script type=\"application\/ld+json\" class=\"yoast-schema-graph\">{\"@context\":\"https:\/\/schema.org\",\"@graph\":[{\"@type\":\"WebPage\",\"@id\":\"https:\/\/www.acconti.sk\/vyska-zakladnej-nahrady-za-km-pri-pouziti-sukromneho-vozidla-od-1-5-2024\/\",\"url\":\"https:\/\/www.acconti.sk\/vyska-zakladnej-nahrady-za-km-pri-pouziti-sukromneho-vozidla-od-1-5-2024\/\",\"name\":\"V\u00fd\u0161ka z\u00e1kladnej n\u00e1hrady za km pri pou\u017eit\u00ed s\u00fakromn\u00e9ho vozidla od 1.5.2024 - \u00fa\u010dtovn\u00edcka a mzdov\u00e1 agenda\",\"isPartOf\":{\"@id\":\"https:\/\/www.acconti.sk\/#website\"},\"primaryImageOfPage\":{\"@id\":\"https:\/\/www.acconti.sk\/vyska-zakladnej-nahrady-za-km-pri-pouziti-sukromneho-vozidla-od-1-5-2024\/#primaryimage\"},\"image\":{\"@id\":\"https:\/\/www.acconti.sk\/vyska-zakladnej-nahrady-za-km-pri-pouziti-sukromneho-vozidla-od-1-5-2024\/#primaryimage\"},\"thumbnailUrl\":\"https:\/\/www.acconti.sk\/wp-content\/uploads\/2024\/10\/Image45223.jpg\",\"datePublished\":\"2025-01-22T11:08:59+00:00\",\"dateModified\":\"2025-01-22T11:46:33+00:00\",\"author\":{\"@id\":\"https:\/\/www.acconti.sk\/#\/schema\/person\/80578d4b9d7382b1deb329dc709ce85c\"},\"breadcrumb\":{\"@id\":\"https:\/\/www.acconti.sk\/vyska-zakladnej-nahrady-za-km-pri-pouziti-sukromneho-vozidla-od-1-5-2024\/#breadcrumb\"},\"inLanguage\":\"en-US\",\"potentialAction\":[{\"@type\":\"ReadAction\",\"target\":[\"https:\/\/www.acconti.sk\/vyska-zakladnej-nahrady-za-km-pri-pouziti-sukromneho-vozidla-od-1-5-2024\/\"]}]},{\"@type\":\"ImageObject\",\"inLanguage\":\"en-US\",\"@id\":\"https:\/\/www.acconti.sk\/vyska-zakladnej-nahrady-za-km-pri-pouziti-sukromneho-vozidla-od-1-5-2024\/#primaryimage\",\"url\":\"https:\/\/www.acconti.sk\/wp-content\/uploads\/2024\/10\/Image45223.jpg\",\"contentUrl\":\"https:\/\/www.acconti.sk\/wp-content\/uploads\/2024\/10\/Image45223.jpg\",\"width\":375,\"height\":250},{\"@type\":\"BreadcrumbList\",\"@id\":\"https:\/\/www.acconti.sk\/vyska-zakladnej-nahrady-za-km-pri-pouziti-sukromneho-vozidla-od-1-5-2024\/#breadcrumb\",\"itemListElement\":[{\"@type\":\"ListItem\",\"position\":1,\"name\":\"Home\",\"item\":\"https:\/\/www.acconti.sk\/\"},{\"@type\":\"ListItem\",\"position\":2,\"name\":\"V\u00fd\u0161ka z\u00e1kladnej n\u00e1hrady za km pri pou\u017eit\u00ed s\u00fakromn\u00e9ho vozidla od 1.5.2024\"}]},{\"@type\":\"WebSite\",\"@id\":\"https:\/\/www.acconti.sk\/#website\",\"url\":\"https:\/\/www.acconti.sk\/\",\"name\":\"\u00fa\u010dtovn\u00edcka a mzdov\u00e1 agenda\",\"description\":\"\",\"potentialAction\":[{\"@type\":\"SearchAction\",\"target\":{\"@type\":\"EntryPoint\",\"urlTemplate\":\"https:\/\/www.acconti.sk\/?s={search_term_string}\"},\"query-input\":{\"@type\":\"PropertyValueSpecification\",\"valueRequired\":true,\"valueName\":\"search_term_string\"}}],\"inLanguage\":\"en-US\"},{\"@type\":\"Person\",\"@id\":\"https:\/\/www.acconti.sk\/#\/schema\/person\/80578d4b9d7382b1deb329dc709ce85c\",\"name\":\"Katar\u00edna Lehotsk\u00e1\",\"image\":{\"@type\":\"ImageObject\",\"inLanguage\":\"en-US\",\"@id\":\"https:\/\/www.acconti.sk\/#\/schema\/person\/image\/\",\"url\":\"https:\/\/www.acconti.sk\/wp-content\/uploads\/2024\/10\/1516846420844-150x150.jpg\",\"contentUrl\":\"https:\/\/www.acconti.sk\/wp-content\/uploads\/2024\/10\/1516846420844-150x150.jpg\",\"caption\":\"Katar\u00edna Lehotsk\u00e1\"},\"description\":\"Managing Director and Owner at ACCONTI PLUS s.r.o.\",\"url\":\"https:\/\/www.acconti.sk\/en\/author\/lehotska\/\"}]}<\/script>\n<!-- \/ Yoast SEO plugin. -->","yoast_head_json":{"title":"V\u00fd\u0161ka z\u00e1kladnej n\u00e1hrady za km pri pou\u017eit\u00ed s\u00fakromn\u00e9ho vozidla od 1.5.2024 - \u00fa\u010dtovn\u00edcka a mzdov\u00e1 agenda","robots":{"index":"index","follow":"follow","max-snippet":"max-snippet:-1","max-image-preview":"max-image-preview:large","max-video-preview":"max-video-preview:-1"},"canonical":"https:\/\/www.acconti.sk\/en\/vyska-zakladnej-nahrady-za-km-pri-pouziti-sukromneho-vozidla-od-1-5-2024\/","og_locale":"en_US","og_type":"article","og_title":"V\u00fd\u0161ka z\u00e1kladnej n\u00e1hrady za km pri pou\u017eit\u00ed s\u00fakromn\u00e9ho vozidla od 1.5.2024 - \u00fa\u010dtovn\u00edcka a mzdov\u00e1 agenda","og_description":"V\u00fd\u0161ka z\u00e1kladnej n\u00e1hrady s\u00fakromn\u00e9ho vozidla od 1.5.2024","og_url":"https:\/\/www.acconti.sk\/en\/vyska-zakladnej-nahrady-za-km-pri-pouziti-sukromneho-vozidla-od-1-5-2024\/","og_site_name":"\u00fa\u010dtovn\u00edcka a mzdov\u00e1 agenda","article_published_time":"2025-01-22T11:08:59+00:00","article_modified_time":"2025-01-22T11:46:33+00:00","og_image":[{"width":375,"height":250,"url":"https:\/\/www.acconti.sk\/wp-content\/uploads\/2024\/10\/Image45223.jpg","type":"image\/jpeg"}],"author":"Katar\u00edna Lehotsk\u00e1","twitter_card":"summary_large_image","twitter_misc":{"Written by":"Katar\u00edna Lehotsk\u00e1","Est. reading time":"2 minutes"},"schema":{"@context":"https:\/\/schema.org","@graph":[{"@type":"WebPage","@id":"https:\/\/www.acconti.sk\/vyska-zakladnej-nahrady-za-km-pri-pouziti-sukromneho-vozidla-od-1-5-2024\/","url":"https:\/\/www.acconti.sk\/vyska-zakladnej-nahrady-za-km-pri-pouziti-sukromneho-vozidla-od-1-5-2024\/","name":"V\u00fd\u0161ka z\u00e1kladnej n\u00e1hrady za km pri pou\u017eit\u00ed s\u00fakromn\u00e9ho vozidla od 1.5.2024 - \u00fa\u010dtovn\u00edcka a mzdov\u00e1 agenda","isPartOf":{"@id":"https:\/\/www.acconti.sk\/#website"},"primaryImageOfPage":{"@id":"https:\/\/www.acconti.sk\/vyska-zakladnej-nahrady-za-km-pri-pouziti-sukromneho-vozidla-od-1-5-2024\/#primaryimage"},"image":{"@id":"https:\/\/www.acconti.sk\/vyska-zakladnej-nahrady-za-km-pri-pouziti-sukromneho-vozidla-od-1-5-2024\/#primaryimage"},"thumbnailUrl":"https:\/\/www.acconti.sk\/wp-content\/uploads\/2024\/10\/Image45223.jpg","datePublished":"2025-01-22T11:08:59+00:00","dateModified":"2025-01-22T11:46:33+00:00","author":{"@id":"https:\/\/www.acconti.sk\/#\/schema\/person\/80578d4b9d7382b1deb329dc709ce85c"},"breadcrumb":{"@id":"https:\/\/www.acconti.sk\/vyska-zakladnej-nahrady-za-km-pri-pouziti-sukromneho-vozidla-od-1-5-2024\/#breadcrumb"},"inLanguage":"en-US","potentialAction":[{"@type":"ReadAction","target":["https:\/\/www.acconti.sk\/vyska-zakladnej-nahrady-za-km-pri-pouziti-sukromneho-vozidla-od-1-5-2024\/"]}]},{"@type":"ImageObject","inLanguage":"en-US","@id":"https:\/\/www.acconti.sk\/vyska-zakladnej-nahrady-za-km-pri-pouziti-sukromneho-vozidla-od-1-5-2024\/#primaryimage","url":"https:\/\/www.acconti.sk\/wp-content\/uploads\/2024\/10\/Image45223.jpg","contentUrl":"https:\/\/www.acconti.sk\/wp-content\/uploads\/2024\/10\/Image45223.jpg","width":375,"height":250},{"@type":"BreadcrumbList","@id":"https:\/\/www.acconti.sk\/vyska-zakladnej-nahrady-za-km-pri-pouziti-sukromneho-vozidla-od-1-5-2024\/#breadcrumb","itemListElement":[{"@type":"ListItem","position":1,"name":"Home","item":"https:\/\/www.acconti.sk\/"},{"@type":"ListItem","position":2,"name":"V\u00fd\u0161ka z\u00e1kladnej n\u00e1hrady za km pri pou\u017eit\u00ed s\u00fakromn\u00e9ho vozidla od 1.5.2024"}]},{"@type":"WebSite","@id":"https:\/\/www.acconti.sk\/#website","url":"https:\/\/www.acconti.sk\/","name":"\u00fa\u010dtovn\u00edcka a mzdov\u00e1 agenda","description":"","potentialAction":[{"@type":"SearchAction","target":{"@type":"EntryPoint","urlTemplate":"https:\/\/www.acconti.sk\/?s={search_term_string}"},"query-input":{"@type":"PropertyValueSpecification","valueRequired":true,"valueName":"search_term_string"}}],"inLanguage":"en-US"},{"@type":"Person","@id":"https:\/\/www.acconti.sk\/#\/schema\/person\/80578d4b9d7382b1deb329dc709ce85c","name":"Katar\u00edna Lehotsk\u00e1","image":{"@type":"ImageObject","inLanguage":"en-US","@id":"https:\/\/www.acconti.sk\/#\/schema\/person\/image\/","url":"https:\/\/www.acconti.sk\/wp-content\/uploads\/2024\/10\/1516846420844-150x150.jpg","contentUrl":"https:\/\/www.acconti.sk\/wp-content\/uploads\/2024\/10\/1516846420844-150x150.jpg","caption":"Katar\u00edna Lehotsk\u00e1"},"description":"Managing Director and Owner at ACCONTI PLUS s.r.o.","url":"https:\/\/www.acconti.sk\/en\/author\/lehotska\/"}]}},"_links":{"self":[{"href":"https:\/\/www.acconti.sk\/en\/wp-json\/wp\/v2\/posts\/1695","targetHints":{"allow":["GET"]}}],"collection":[{"href":"https:\/\/www.acconti.sk\/en\/wp-json\/wp\/v2\/posts"}],"about":[{"href":"https:\/\/www.acconti.sk\/en\/wp-json\/wp\/v2\/types\/post"}],"author":[{"embeddable":true,"href":"https:\/\/www.acconti.sk\/en\/wp-json\/wp\/v2\/users\/2"}],"replies":[{"embeddable":true,"href":"https:\/\/www.acconti.sk\/en\/wp-json\/wp\/v2\/comments?post=1695"}],"version-history":[{"count":0,"href":"https:\/\/www.acconti.sk\/en\/wp-json\/wp\/v2\/posts\/1695\/revisions"}],"wp:featuredmedia":[{"embeddable":true,"href":"https:\/\/www.acconti.sk\/en\/wp-json\/wp\/v2\/media\/1508"}],"wp:attachment":[{"href":"https:\/\/www.acconti.sk\/en\/wp-json\/wp\/v2\/media?parent=1695"}],"wp:term":[{"taxonomy":"category","embeddable":true,"href":"https:\/\/www.acconti.sk\/en\/wp-json\/wp\/v2\/categories?post=1695"},{"taxonomy":"post_tag","embeddable":true,"href":"https:\/\/www.acconti.sk\/en\/wp-json\/wp\/v2\/tags?post=1695"}],"curies":[{"name":"wp","href":"https:\/\/api.w.org\/{rel}","templated":true}]}}