{"id":1670,"date":"2024-12-18T12:17:41","date_gmt":"2024-12-18T11:17:41","guid":{"rendered":"https:\/\/www.acconti.sk\/?p=1670"},"modified":"2025-01-22T12:47:57","modified_gmt":"2025-01-22T11:47:57","slug":"zmeny-tykajuce-sa-zamestnancov-v-roku-2025","status":"publish","type":"post","link":"https:\/\/www.acconti.sk\/en\/zmeny-tykajuce-sa-zamestnancov-v-roku-2025\/","title":{"rendered":"Zmeny t\u00fdkaj\u00face sa zamestnancov v roku 2025"},"content":{"rendered":"<p><strong><span style=\"color: #333399;\"><span style=\"color: #99cc00;\">Zmeny t\u00fdkaj\u00face sa zamestnancov<\/span><br \/>\n<\/span><br \/>\n<\/strong><\/p>\n<p><span style=\"color: #808080;\"><strong>Minim\u00e1lna mzda od 1.1.2025<\/strong><\/span><\/p>\n<p>Nariaden\u00edm vl\u00e1dy SR je \u00a0<strong><u>zv\u00fd\u0161enie minim\u00e1lnej mzdy<\/u><\/strong> od 1.1.2025 a\u00a0to nasledovne:<\/p>\n<ul>\n<li><strong>Mesa\u010dn\u00e1 minim\u00e1lna mzda <\/strong>na sumu<strong> 816 eur <\/strong>( pri 1 stupni n\u00e1ro\u010dnosti pr\u00e1ce a\u00a0jednozmennom re\u017eime)<\/li>\n<li><strong>Hodinov\u00e1 minim\u00e1lna mzda <\/strong>na sumu<strong> 4,69 eur <\/strong>( pri 1 stupni n\u00e1ro\u010dnosti pr\u00e1ce a\u00a0jednozmennom re\u017eime)<\/li>\n<\/ul>\n<p>Zamestn\u00e1vate\u013e, u\u00a0ktor\u00e9ho nie je odme\u0148ovanie zamestnancov dohodnut\u00e9 v\u00a0kolekt\u00edvnej zmluve, je povinn\u00fd\u00a0 zamestnancovi poskytn\u00fa\u0165 mzdu <em><strong>najmenej v\u00a0sume minim\u00e1lneho mzdov\u00e9ho n\u00e1roku<\/strong><\/em><strong><em> ur\u010den\u00e9ho pre stupe\u0148 n\u00e1ro\u010dnosti pr\u00e1ce pr\u00edslu\u0161n\u00e9ho pracovn\u00e9ho miesta.<\/em><\/strong><\/p>\n<p>Zamestn\u00e1vate\u013e mus\u00ed ma\u0165 ku ka\u017ed\u00e9mu pracovn\u00e9mu miestu priraden\u00fd stupe\u0148 n\u00e1ro\u010dnosti pr\u00e1ce, ktor\u00fd je z\u00e1visl\u00fd od <strong>zlo\u017eitosti, zodpovednosti a\u00a0nam\u00e1havosti pr\u00e1ce<\/strong> v s\u00falade s charakteristikami stup\u0148ov n\u00e1ro\u010dnosti pracovn\u00fdch miest uveden\u00fdmi v pr\u00edlohe \u010d. 1 Z\u00e1konn\u00edka pr\u00e1ce. ( 1 \u2013 816 eur, 2 \u2013 932 eur, 3 \u2013 1048 eur, 4 \u2013 1164 eur, 5-1280 eur, 6 \u2013 1396 eur).<\/p>\n<p>&nbsp;<\/p>\n<p><span style=\"color: #666699;\"><strong><span style=\"color: #808080;\">Zv\u00fd\u0161enie maxim\u00e1lneho vymeriavacieho z\u00e1kladu pre \u00fa\u010dely soci\u00e1lneho poistenia<\/span><br \/>\n<\/strong><\/span><\/p>\n<p>Od 1.1.2025 pri\u0161lo k zv\u00fd\u0161eniu maxim\u00e1lneho vymeriavacieho z\u00e1kladu pre \u00fa\u010dely soci\u00e1lneho poistenia zo 7 n\u00e1sobku na 11 n\u00e1sobok jednej dvan\u00e1stiny v\u0161eobecn\u00e9ho vymeriavacieho z\u00e1kladu platn\u00e9ho v kalend\u00e1rnom roku, ktor\u00fd dva roky predch\u00e1dza kalend\u00e1rnemu roku, za ktor\u00fd zamestnanec, povinne nemocensky poisten\u00e1 a povinne d\u00f4chodkovo poisten\u00e1 samostatne z\u00e1robkovo \u010dinn\u00e1 osoba a dobrovo\u013ene nemocensky poisten\u00e1 osoba, dobrovo\u013ene d\u00f4chodkovo poisten\u00e1 osoba alebo dobrovo\u013ene poisten\u00e1 osoba v nezamestnanosti plat\u00ed poistn\u00e9.<\/p>\n<p>&nbsp;<\/p>\n<p><span style=\"color: #666699;\"><strong><span style=\"color: #808080;\">Da\u0148ov\u00fd bonus na die\u0165a<\/span><br \/>\n<\/strong><\/span><\/p>\n<p>Sumy da\u0148ov\u00e9ho bonusu ( mesa\u010dne ) na die\u0165a platn\u00e9 pre rok 2025:<\/p>\n<ul>\n<li>Deti do 15 rokov: maxim\u00e1lny da\u0148ov\u00fd bonus 100 eur mesa\u010dne.<\/li>\n<li>Deti od 15 do 18 rokov: maxim\u00e1lny da\u0148ov\u00fd bonus 50 eur mesa\u010dne.<\/li>\n<li>Deti star\u0161ie ako 18 rokov: n\u00e1rok na da\u0148ov\u00fd bonus zanik\u00e1<\/li>\n<\/ul>\n<p>Menia sa aj v\u00fdpo\u010dty n\u00e1roku na da\u0148ov\u00fd bonus pre viac inform\u00e1ci\u00ed n\u00e1s kontaktujte.<\/p>\n<p><span style=\"color: #808080;\"><strong><br \/>\nV\u00fd\u0161ka a\u00a0forma stravn\u00e9ho od 1.1.2024<\/strong><\/span><\/p>\n<p>Pod\u013ea opatrenia o sum\u00e1ch stravn\u00e9ho s\u00fa\u00a0<strong>sumy stravn\u00e9ho\u00a0nasledovne (platn\u00e9 od 1.09.2024):<\/strong><\/p>\n<ul>\n<li><strong>8,30 \u20ac<\/strong>\u00a0pre \u010dasov\u00e9 p\u00e1smo 5 a\u017e 12 hod\u00edn,<\/li>\n<li><strong>12,30 \u20ac<\/strong>\u00a0pre \u010dasov\u00e9 p\u00e1smo nad 12 hod\u00edn a\u017e 18 hod\u00edn,<\/li>\n<li><strong>18,40 \u20ac<\/strong>\u00a0pre \u010dasov\u00e9 p\u00e1smo nad 18 hod\u00edn.<\/li>\n<\/ul>\n<p>Z\u00e1konn\u00edk pr\u00e1ce ustanovuje minim\u00e1lnu hodnotu stravovacej pouk\u00e1\u017eky, ktor\u00e1 mus\u00ed predstavova\u0165 najmenej 75 % stravn\u00e9ho poskytovan\u00e9ho pri pracovnej ceste v trvan\u00ed 5 a\u017e 12 hod\u00edn. Znamen\u00e1 to, \u017ee hodnota stravovacej pouk\u00e1\u017eky od 1. 1. 2025 mus\u00ed by\u0165 <strong>najmenej<\/strong> v\u00a0sume <strong>6,23 \u20ac.<br \/>\n<\/strong>V pr\u00edpade finan\u010dn\u00e9ho pr\u00edspevku na stravovanie tak aktu\u00e1lne vych\u00e1dza na <strong>najmenej 3<\/strong><strong>,43 EUR<\/strong>.\u00a0 ( 55% z\u00a06,23 eur)<\/p>\n<p>Maxim\u00e1lna suma finan\u010dn\u00e9ho pr\u00edspevku &#8211; 55 % stravn\u00e9ho poskytovan\u00e9ho pri pracovnej ceste v trvan\u00ed 5 a\u017e 12 hod\u00edn pod\u013ea z\u00e1kona o cestovn\u00fdch n\u00e1hrad\u00e1ch\u00a0 vych\u00e1dza na\u00a0 <strong>4<\/strong><strong>,57 EUR<\/strong>. .\u00a0 ( 55% z 8,30 eur).<\/p>\n<p>\ud83d\udcde <strong>Potrebujete viac inform\u00e1ci\u00ed?<\/strong> Nev\u00e1hajte n\u00e1s kontaktova\u0165 \u2013 sme tu pre v\u00e1s!<\/p>\n<p>\ud83d\udce7 <strong>M\u00e1te ot\u00e1zky?<\/strong> Nap\u00ed\u0161te n\u00e1m a radi v\u00e1m poskytneme odpovede.<\/p>\n<p>\ud83d\udca1 <strong>Chcete sa poradi\u0165?<\/strong> Spojte sa s nami a n\u00e1jdeme pre v\u00e1s najlep\u0161ie rie\u0161enie.<\/p>\n<div style=\"margin-top: 20px; margin-bottom: 0px;\" class=\"sharethis-inline-share-buttons\" ><\/div>","protected":false},"excerpt":{"rendered":"<p>Zmeny t\u00fdkaj\u00face sa zamestnancov.<\/p>","protected":false},"author":2,"featured_media":1671,"comment_status":"closed","ping_status":"open","sticky":false,"template":"","format":"standard","meta":{"footnotes":""},"categories":[1],"tags":[],"class_list":["post-1670","post","type-post","status-publish","format-standard","has-post-thumbnail","hentry","category-dph"],"yoast_head":"<!-- This site is optimized with the Yoast SEO plugin v25.5 - https:\/\/yoast.com\/wordpress\/plugins\/seo\/ -->\n<title>Zmeny t\u00fdkaj\u00face sa zamestnancov v roku 2025 - \u00fa\u010dtovn\u00edcka a mzdov\u00e1 agenda<\/title>\n<meta name=\"robots\" content=\"index, follow, max-snippet:-1, max-image-preview:large, max-video-preview:-1\" \/>\n<link rel=\"canonical\" href=\"https:\/\/www.acconti.sk\/en\/zmeny-tykajuce-sa-zamestnancov-v-roku-2025\/\" \/>\n<meta property=\"og:locale\" content=\"en_US\" \/>\n<meta property=\"og:type\" content=\"article\" \/>\n<meta property=\"og:title\" content=\"Zmeny t\u00fdkaj\u00face sa zamestnancov v roku 2025 - \u00fa\u010dtovn\u00edcka a mzdov\u00e1 agenda\" \/>\n<meta property=\"og:description\" content=\"Zmeny t\u00fdkaj\u00face sa zamestnancov.\" \/>\n<meta property=\"og:url\" content=\"https:\/\/www.acconti.sk\/en\/zmeny-tykajuce-sa-zamestnancov-v-roku-2025\/\" \/>\n<meta property=\"og:site_name\" content=\"\u00fa\u010dtovn\u00edcka a mzdov\u00e1 agenda\" \/>\n<meta property=\"article:published_time\" content=\"2024-12-18T11:17:41+00:00\" \/>\n<meta property=\"article:modified_time\" content=\"2025-01-22T11:47:57+00:00\" \/>\n<meta property=\"og:image\" content=\"https:\/\/www.acconti.sk\/wp-content\/uploads\/2024\/12\/pexels-olia-danilevich-5466814-scaled.jpg\" \/>\n\t<meta property=\"og:image:width\" content=\"2560\" \/>\n\t<meta property=\"og:image:height\" content=\"1707\" \/>\n\t<meta property=\"og:image:type\" content=\"image\/jpeg\" \/>\n<meta name=\"author\" content=\"Katar\u00edna Lehotsk\u00e1\" \/>\n<meta name=\"twitter:card\" content=\"summary_large_image\" \/>\n<meta name=\"twitter:label1\" content=\"Written by\" \/>\n\t<meta name=\"twitter:data1\" content=\"Katar\u00edna Lehotsk\u00e1\" \/>\n\t<meta name=\"twitter:label2\" content=\"Est. reading time\" \/>\n\t<meta name=\"twitter:data2\" content=\"3 minutes\" \/>\n<script type=\"application\/ld+json\" class=\"yoast-schema-graph\">{\"@context\":\"https:\/\/schema.org\",\"@graph\":[{\"@type\":\"WebPage\",\"@id\":\"https:\/\/www.acconti.sk\/zmeny-tykajuce-sa-zamestnancov-v-roku-2025\/\",\"url\":\"https:\/\/www.acconti.sk\/zmeny-tykajuce-sa-zamestnancov-v-roku-2025\/\",\"name\":\"Zmeny t\u00fdkaj\u00face sa zamestnancov v roku 2025 - \u00fa\u010dtovn\u00edcka a mzdov\u00e1 agenda\",\"isPartOf\":{\"@id\":\"https:\/\/www.acconti.sk\/#website\"},\"primaryImageOfPage\":{\"@id\":\"https:\/\/www.acconti.sk\/zmeny-tykajuce-sa-zamestnancov-v-roku-2025\/#primaryimage\"},\"image\":{\"@id\":\"https:\/\/www.acconti.sk\/zmeny-tykajuce-sa-zamestnancov-v-roku-2025\/#primaryimage\"},\"thumbnailUrl\":\"https:\/\/www.acconti.sk\/wp-content\/uploads\/2024\/12\/pexels-olia-danilevich-5466814-scaled.jpg\",\"datePublished\":\"2024-12-18T11:17:41+00:00\",\"dateModified\":\"2025-01-22T11:47:57+00:00\",\"author\":{\"@id\":\"https:\/\/www.acconti.sk\/#\/schema\/person\/80578d4b9d7382b1deb329dc709ce85c\"},\"breadcrumb\":{\"@id\":\"https:\/\/www.acconti.sk\/zmeny-tykajuce-sa-zamestnancov-v-roku-2025\/#breadcrumb\"},\"inLanguage\":\"en-US\",\"potentialAction\":[{\"@type\":\"ReadAction\",\"target\":[\"https:\/\/www.acconti.sk\/zmeny-tykajuce-sa-zamestnancov-v-roku-2025\/\"]}]},{\"@type\":\"ImageObject\",\"inLanguage\":\"en-US\",\"@id\":\"https:\/\/www.acconti.sk\/zmeny-tykajuce-sa-zamestnancov-v-roku-2025\/#primaryimage\",\"url\":\"https:\/\/www.acconti.sk\/wp-content\/uploads\/2024\/12\/pexels-olia-danilevich-5466814-scaled.jpg\",\"contentUrl\":\"https:\/\/www.acconti.sk\/wp-content\/uploads\/2024\/12\/pexels-olia-danilevich-5466814-scaled.jpg\",\"width\":2560,\"height\":1707},{\"@type\":\"BreadcrumbList\",\"@id\":\"https:\/\/www.acconti.sk\/zmeny-tykajuce-sa-zamestnancov-v-roku-2025\/#breadcrumb\",\"itemListElement\":[{\"@type\":\"ListItem\",\"position\":1,\"name\":\"Home\",\"item\":\"https:\/\/www.acconti.sk\/\"},{\"@type\":\"ListItem\",\"position\":2,\"name\":\"Zmeny t\u00fdkaj\u00face sa zamestnancov v roku 2025\"}]},{\"@type\":\"WebSite\",\"@id\":\"https:\/\/www.acconti.sk\/#website\",\"url\":\"https:\/\/www.acconti.sk\/\",\"name\":\"\u00fa\u010dtovn\u00edcka a mzdov\u00e1 agenda\",\"description\":\"\",\"potentialAction\":[{\"@type\":\"SearchAction\",\"target\":{\"@type\":\"EntryPoint\",\"urlTemplate\":\"https:\/\/www.acconti.sk\/?s={search_term_string}\"},\"query-input\":{\"@type\":\"PropertyValueSpecification\",\"valueRequired\":true,\"valueName\":\"search_term_string\"}}],\"inLanguage\":\"en-US\"},{\"@type\":\"Person\",\"@id\":\"https:\/\/www.acconti.sk\/#\/schema\/person\/80578d4b9d7382b1deb329dc709ce85c\",\"name\":\"Katar\u00edna Lehotsk\u00e1\",\"image\":{\"@type\":\"ImageObject\",\"inLanguage\":\"en-US\",\"@id\":\"https:\/\/www.acconti.sk\/#\/schema\/person\/image\/\",\"url\":\"https:\/\/www.acconti.sk\/wp-content\/uploads\/2024\/10\/1516846420844-150x150.jpg\",\"contentUrl\":\"https:\/\/www.acconti.sk\/wp-content\/uploads\/2024\/10\/1516846420844-150x150.jpg\",\"caption\":\"Katar\u00edna Lehotsk\u00e1\"},\"description\":\"Managing Director and Owner at ACCONTI PLUS s.r.o.\",\"url\":\"https:\/\/www.acconti.sk\/en\/author\/lehotska\/\"}]}<\/script>\n<!-- \/ Yoast SEO plugin. -->","yoast_head_json":{"title":"Zmeny t\u00fdkaj\u00face sa zamestnancov v roku 2025 - \u00fa\u010dtovn\u00edcka a mzdov\u00e1 agenda","robots":{"index":"index","follow":"follow","max-snippet":"max-snippet:-1","max-image-preview":"max-image-preview:large","max-video-preview":"max-video-preview:-1"},"canonical":"https:\/\/www.acconti.sk\/en\/zmeny-tykajuce-sa-zamestnancov-v-roku-2025\/","og_locale":"en_US","og_type":"article","og_title":"Zmeny t\u00fdkaj\u00face sa zamestnancov v roku 2025 - \u00fa\u010dtovn\u00edcka a mzdov\u00e1 agenda","og_description":"Zmeny t\u00fdkaj\u00face sa zamestnancov.","og_url":"https:\/\/www.acconti.sk\/en\/zmeny-tykajuce-sa-zamestnancov-v-roku-2025\/","og_site_name":"\u00fa\u010dtovn\u00edcka a mzdov\u00e1 agenda","article_published_time":"2024-12-18T11:17:41+00:00","article_modified_time":"2025-01-22T11:47:57+00:00","og_image":[{"width":2560,"height":1707,"url":"https:\/\/www.acconti.sk\/wp-content\/uploads\/2024\/12\/pexels-olia-danilevich-5466814-scaled.jpg","type":"image\/jpeg"}],"author":"Katar\u00edna Lehotsk\u00e1","twitter_card":"summary_large_image","twitter_misc":{"Written by":"Katar\u00edna Lehotsk\u00e1","Est. reading time":"3 minutes"},"schema":{"@context":"https:\/\/schema.org","@graph":[{"@type":"WebPage","@id":"https:\/\/www.acconti.sk\/zmeny-tykajuce-sa-zamestnancov-v-roku-2025\/","url":"https:\/\/www.acconti.sk\/zmeny-tykajuce-sa-zamestnancov-v-roku-2025\/","name":"Zmeny t\u00fdkaj\u00face sa zamestnancov v roku 2025 - \u00fa\u010dtovn\u00edcka a mzdov\u00e1 agenda","isPartOf":{"@id":"https:\/\/www.acconti.sk\/#website"},"primaryImageOfPage":{"@id":"https:\/\/www.acconti.sk\/zmeny-tykajuce-sa-zamestnancov-v-roku-2025\/#primaryimage"},"image":{"@id":"https:\/\/www.acconti.sk\/zmeny-tykajuce-sa-zamestnancov-v-roku-2025\/#primaryimage"},"thumbnailUrl":"https:\/\/www.acconti.sk\/wp-content\/uploads\/2024\/12\/pexels-olia-danilevich-5466814-scaled.jpg","datePublished":"2024-12-18T11:17:41+00:00","dateModified":"2025-01-22T11:47:57+00:00","author":{"@id":"https:\/\/www.acconti.sk\/#\/schema\/person\/80578d4b9d7382b1deb329dc709ce85c"},"breadcrumb":{"@id":"https:\/\/www.acconti.sk\/zmeny-tykajuce-sa-zamestnancov-v-roku-2025\/#breadcrumb"},"inLanguage":"en-US","potentialAction":[{"@type":"ReadAction","target":["https:\/\/www.acconti.sk\/zmeny-tykajuce-sa-zamestnancov-v-roku-2025\/"]}]},{"@type":"ImageObject","inLanguage":"en-US","@id":"https:\/\/www.acconti.sk\/zmeny-tykajuce-sa-zamestnancov-v-roku-2025\/#primaryimage","url":"https:\/\/www.acconti.sk\/wp-content\/uploads\/2024\/12\/pexels-olia-danilevich-5466814-scaled.jpg","contentUrl":"https:\/\/www.acconti.sk\/wp-content\/uploads\/2024\/12\/pexels-olia-danilevich-5466814-scaled.jpg","width":2560,"height":1707},{"@type":"BreadcrumbList","@id":"https:\/\/www.acconti.sk\/zmeny-tykajuce-sa-zamestnancov-v-roku-2025\/#breadcrumb","itemListElement":[{"@type":"ListItem","position":1,"name":"Home","item":"https:\/\/www.acconti.sk\/"},{"@type":"ListItem","position":2,"name":"Zmeny t\u00fdkaj\u00face sa zamestnancov v roku 2025"}]},{"@type":"WebSite","@id":"https:\/\/www.acconti.sk\/#website","url":"https:\/\/www.acconti.sk\/","name":"\u00fa\u010dtovn\u00edcka a mzdov\u00e1 agenda","description":"","potentialAction":[{"@type":"SearchAction","target":{"@type":"EntryPoint","urlTemplate":"https:\/\/www.acconti.sk\/?s={search_term_string}"},"query-input":{"@type":"PropertyValueSpecification","valueRequired":true,"valueName":"search_term_string"}}],"inLanguage":"en-US"},{"@type":"Person","@id":"https:\/\/www.acconti.sk\/#\/schema\/person\/80578d4b9d7382b1deb329dc709ce85c","name":"Katar\u00edna Lehotsk\u00e1","image":{"@type":"ImageObject","inLanguage":"en-US","@id":"https:\/\/www.acconti.sk\/#\/schema\/person\/image\/","url":"https:\/\/www.acconti.sk\/wp-content\/uploads\/2024\/10\/1516846420844-150x150.jpg","contentUrl":"https:\/\/www.acconti.sk\/wp-content\/uploads\/2024\/10\/1516846420844-150x150.jpg","caption":"Katar\u00edna Lehotsk\u00e1"},"description":"Managing Director and Owner at ACCONTI PLUS s.r.o.","url":"https:\/\/www.acconti.sk\/en\/author\/lehotska\/"}]}},"_links":{"self":[{"href":"https:\/\/www.acconti.sk\/en\/wp-json\/wp\/v2\/posts\/1670","targetHints":{"allow":["GET"]}}],"collection":[{"href":"https:\/\/www.acconti.sk\/en\/wp-json\/wp\/v2\/posts"}],"about":[{"href":"https:\/\/www.acconti.sk\/en\/wp-json\/wp\/v2\/types\/post"}],"author":[{"embeddable":true,"href":"https:\/\/www.acconti.sk\/en\/wp-json\/wp\/v2\/users\/2"}],"replies":[{"embeddable":true,"href":"https:\/\/www.acconti.sk\/en\/wp-json\/wp\/v2\/comments?post=1670"}],"version-history":[{"count":0,"href":"https:\/\/www.acconti.sk\/en\/wp-json\/wp\/v2\/posts\/1670\/revisions"}],"wp:featuredmedia":[{"embeddable":true,"href":"https:\/\/www.acconti.sk\/en\/wp-json\/wp\/v2\/media\/1671"}],"wp:attachment":[{"href":"https:\/\/www.acconti.sk\/en\/wp-json\/wp\/v2\/media?parent=1670"}],"wp:term":[{"taxonomy":"category","embeddable":true,"href":"https:\/\/www.acconti.sk\/en\/wp-json\/wp\/v2\/categories?post=1670"},{"taxonomy":"post_tag","embeddable":true,"href":"https:\/\/www.acconti.sk\/en\/wp-json\/wp\/v2\/tags?post=1670"}],"curies":[{"name":"wp","href":"https:\/\/api.w.org\/{rel}","templated":true}]}}