{"id":1732,"date":"2025-02-18T21:43:18","date_gmt":"2025-02-18T20:43:18","guid":{"rendered":"https:\/\/www.acconti.sk\/?p=1732"},"modified":"2025-02-18T21:43:18","modified_gmt":"2025-02-18T20:43:18","slug":"potvrdenie-o-zdanitelnych-prijmoch-definicia-obsah-a-lehoty-vystavenia","status":"publish","type":"post","link":"https:\/\/www.acconti.sk\/cs\/potvrdenie-o-zdanitelnych-prijmoch-definicia-obsah-a-lehoty-vystavenia\/","title":{"rendered":"Potvrdenie o zdanite\u013en\u00fdch pr\u00edjmoch: defin\u00edcia, obsah a lehoty vystavenia"},"content":{"rendered":"<p>Ak zamestnancovi, ktor\u00fd m\u00e1 popri zamestnan\u00ed aj vlastn\u00fa podnikate\u013esk\u00fa \u010dinnos\u0165, ka\u017ed\u00fd rok vystavujete doklad o zdanite\u013en\u00fdch pr\u00edjmoch, tento dokument je pre da\u0148ov\u00e9 priznanie nevyhnutn\u00fd. Takisto ho poskytnete zamestnancom, ktor\u00ed odch\u00e1dzaj\u00fa z va\u0161ej firmy, alebo t\u00fdm, ktor\u00ed pracuj\u00fa u viacer\u00fdch zamestn\u00e1vate\u013eov. Ni\u017e\u0161ie n\u00e1jdete preh\u013ead, kedy a ako tento doklad vystavi\u0165 a ak\u00e9 inform\u00e1cie by mal obsahova\u0165.<\/p>\n<h2><span style=\"color: #808080;\">\u010co predstavuje potvrdenie o zdanite\u013en\u00fdch pr\u00edjmoch?<\/span><\/h2>\n<p>Doklad nesie n\u00e1zov \u201ePotvrdenie o zdanite\u013en\u00fdch pr\u00edjmoch fyzickej osoby zo z\u00e1vislej \u010dinnosti a \u010fal\u0161\u00edch \u00fadajoch\u201c pod\u013ea \u00a7 39 ods. 5 z\u00e1kona \u010d. 595\/2003 Z. z. o dani z pr\u00edjmov (v platnom znen\u00ed). V podstate ide o dokument, ktor\u00fd zamestn\u00e1vate\u013e vystavuje a v ktorom s\u00fa uveden\u00e9 tieto z\u00e1kladn\u00e9 \u00fadaje:<\/p>\n<ul>\n<li>Celkov\u00e1 suma, ktor\u00fa zamestnanec v priebehu roka zarobil,<\/li>\n<li>V\u00fd\u0161ka zr\u00e1\u017ekovej dane, ktor\u00fa za neho odviedol zamestn\u00e1vate\u013e,<\/li>\n<li>Sumy zaplaten\u00e9 na soci\u00e1lne a zdravotn\u00e9 poistenie,<\/li>\n<li>Inform\u00e1cie o da\u0148ov\u00fdch zv\u00fdhodneniach, ktor\u00e9 boli uplatnen\u00e9.<\/li>\n<\/ul>\n<h2><span style=\"color: #808080;\">Kde n\u00e1js\u0165 aktu\u00e1lnu verziu formul\u00e1ra?<\/span><\/h2>\n<p>Aktu\u00e1lny vzor dokladu je mo\u017en\u00e9 stiahnu\u0165 na webovej str\u00e1nke Finan\u010dnej spr\u00e1vy. Prejdite do sekcie venovanej formul\u00e1rom \u2013 konkr\u00e9tne do \u010dasti s tla\u010divami vyd\u00e1van\u00fdmi FR SR, MF SR a pr\u00edslu\u0161n\u00fdmi org\u00e1nmi E\u00da, kde n\u00e1jdete vzory pre pr\u00edjmy zo z\u00e1vislej \u010dinnosti pod\u013ea \u00a7 5 ZDP. Zvy\u010dajne tento dokument vypl\u0148uje mzdov\u00fd \u00fa\u010dtovn\u00edk alebo in\u00e1 opr\u00e1vnen\u00e1 osoba, ktor\u00e1 sa zaober\u00e1 mzdovou agendou.<\/p>\n<h2><span style=\"color: #808080;\">Kedy a komu sa potvrdenie vyd\u00e1va?<\/span><\/h2>\n<p><strong>Pre zamestnancov s ved\u013eaj\u0161ou podnikate\u013eskou \u010dinnos\u0165ou:<\/strong><br \/>\nTento doklad je d\u00f4le\u017eit\u00fd pre ka\u017ed\u00e9ho zamestnanca, ktor\u00fd si privyr\u00e1ba podnikan\u00edm, preto\u017ee jeho da\u0148ov\u00e9 priznanie mus\u00ed obsahova\u0165 v\u0161etky pr\u00edjmy \u2013 zo zamestnania aj z podnikania. Potvrdenie o zdanite\u013en\u00fdch pr\u00edjmoch sa preto pripoj\u00ed ako pr\u00edloha k da\u0148ov\u00e9mu priznaniu, ktor\u00e9 si zamestnanec spracov\u00e1va s\u00e1m alebo za pomoci extern\u00e9ho \u00fa\u010dtovn\u00edka.<\/p>\n<p><strong>Pre kon\u010diacich zamestnancov:<\/strong><br \/>\nDokument je tie\u017e potrebn\u00fd pre t\u00fdch, ktor\u00ed ukon\u010duj\u00fa pracovn\u00fd pomer u v\u00e1s. Po spracovan\u00ed poslednej mzdy by ste mali automaticky vystavi\u0165 potvrdenie, ktor\u00e9 zamestnanec n\u00e1sledne odovzd\u00e1 mzdovej \u00fa\u010dt\u00e1rni nov\u00e9ho zamestn\u00e1vate\u013ea, aby mohol by\u0165 zoh\u013eadnen\u00fd pri ro\u010dnom z\u00fa\u010dtovan\u00ed dane.<\/p>\n<p><strong>Pre zamestnancov s viacer\u00fdmi zamestn\u00e1vate\u013emi:<\/strong><br \/>\nRovnak\u00fdm sp\u00f4sobom sa doklad poskytuje aj t\u00fdm, ktor\u00ed pracuj\u00fa u viacer\u00fdch zamestn\u00e1vate\u013eov a maj\u00fa ro\u010dn\u00e9 z\u00fa\u010dtovanie dane spracovan\u00e9 u inej firmy.<\/p>\n<h3>Term\u00edny vystavenia:<\/h3>\n<ul>\n<li><strong>Do 10. marca<\/strong> \u2013 V pr\u00edpade, \u017ee zamestnanec ne\u017eiada, aby ro\u010dn\u00e9 z\u00fa\u010dtovanie dane vykonal in\u00fd zamestn\u00e1vate\u013e, je potvrdenie nutn\u00e9 doru\u010di\u0165 najnesk\u00f4r do 10. marca nasleduj\u00faceho roka.<\/li>\n<li><strong>Do 10. febru\u00e1ra<\/strong> \u2013 Ak zamestnanec po\u017eiada o ro\u010dn\u00e9 z\u00fa\u010dtovanie dane in\u00fdm zamestn\u00e1vate\u013eom a \u017eiados\u0165 o vystavenie doraz\u00ed do 5. febru\u00e1ra po skon\u010den\u00ed roka, potvrdenie mus\u00edte vystavi\u0165 do 10. febru\u00e1ra.<\/li>\n<\/ul>\n<p>In\u00fdmi slovami, potvrdenie o zdanite\u013en\u00fdch pr\u00edjmoch sa vystavuje, pokia\u013e zamestnanec s\u00e1m ne\u017eabezprostredn\u00ed \u017eiados\u0165 o ro\u010dn\u00e9 z\u00fa\u010dtovanie dane prostredn\u00edctvom in\u00e9ho zamestn\u00e1vate\u013ea.<\/p>\n<h2><span style=\"color: #808080;\">Ako vyplni\u0165 potvrdenie o zdanite\u013en\u00fdch pr\u00edjmoch?<\/span><\/h2>\n<p><img fetchpriority=\"high\" decoding=\"async\" class=\"wp-image-1736 aligncenter\" src=\"https:\/\/www.acconti.sk\/wp-content\/uploads\/2025\/02\/dfsk_23POT39_5v23-212x300.png\" alt=\"\" width=\"406\" height=\"575\" srcset=\"https:\/\/www.acconti.sk\/wp-content\/uploads\/2025\/02\/dfsk_23POT39_5v23-212x300.png 212w, https:\/\/www.acconti.sk\/wp-content\/uploads\/2025\/02\/dfsk_23POT39_5v23-8x12.png 8w, https:\/\/www.acconti.sk\/wp-content\/uploads\/2025\/02\/dfsk_23POT39_5v23.png 600w\" sizes=\"(max-width: 406px) 100vw, 406px\" \/><\/p>\n<ol>\n<li><strong>\u00dadaje o zamestnancovi:<\/strong><br \/>\nNa za\u010diatku formul\u00e1ra uve\u010fte inform\u00e1cie o zamestnancovi, ako ich m\u00e1te evidovan\u00e9 v person\u00e1lnej agende.<\/li>\n<li><strong>Pr\u00edjmov\u00e9 a poistn\u00e9 \u00fadaje (II. oddiel):<\/strong>\n<ul>\n<li>Celkov\u00e9 ro\u010dn\u00e9 pr\u00edjmy zo z\u00e1vislej \u010dinnosti (m\u00f4\u017ee \u00eds\u0165 o hrub\u00fa mzdu za cel\u00fd rok alebo len za obdobie, po\u010das ktor\u00e9ho zamestnanec u v\u00e1s pracoval),<\/li>\n<li>S\u00fa\u010det odvoden\u00fdch poistn\u00fdch a preddavkov na da\u0148,<\/li>\n<li>V\u00fd\u0161ka pr\u00edjmov osloboden\u00fdch od dane,<\/li>\n<li>Uplatnen\u00e1 nezdanite\u013en\u00e1 \u010das\u0165 z\u00e1kladu dane,<\/li>\n<li>Zr\u00e1\u017eky na doplnkov\u00e9 d\u00f4chodkov\u00e9 sporenie,<\/li>\n<li>Ozna\u010denie mesiacov, po\u010das ktor\u00fdch bol zamestnanec u v\u00e1s zamestnan\u00fd,<\/li>\n<li>\u00dadaje o vyplatenom da\u0148ovom bonuse.<\/li>\n<\/ul>\n<\/li>\n<li><strong>\u00dadaje o zamestn\u00e1vate\u013eovi (III. oddiel):<\/strong><br \/>\nVypl\u0148te v\u0161etky potrebn\u00e9 inform\u00e1cie t\u00fdkaj\u00face sa va\u0161ej firmy.<\/li>\n<\/ol>\n<p>Ak naraz\u00edte na nejasnosti pri vypl\u0148ovan\u00ed jednotliv\u00fdch pol\u00ed, na druhej strane formul\u00e1ra s\u00fa uveden\u00e9 podrobn\u00e9 vysvetlivky.<\/p>\n<div class=\"notranslate\" style=\"all: initial;\"><\/div>\n<div style=\"margin-top: 20px; margin-bottom: 0px;\" class=\"sharethis-inline-share-buttons\" ><\/div>","protected":false},"excerpt":{"rendered":"<p>Potvrdenie o zdanite\u013en\u00fdch pr\u00edjmoch<\/p>","protected":false},"author":2,"featured_media":1747,"comment_status":"closed","ping_status":"open","sticky":false,"template":"","format":"standard","meta":{"footnotes":""},"categories":[1],"tags":[],"class_list":["post-1732","post","type-post","status-publish","format-standard","has-post-thumbnail","hentry","category-dph"],"yoast_head":"<!-- This site is optimized with the Yoast SEO plugin v25.5 - https:\/\/yoast.com\/wordpress\/plugins\/seo\/ -->\n<title>Potvrdenie o zdanite\u013en\u00fdch pr\u00edjmoch: defin\u00edcia, obsah a lehoty vystavenia - \u00fa\u010dtovn\u00edcka a mzdov\u00e1 agenda<\/title>\n<meta name=\"robots\" content=\"index, follow, max-snippet:-1, max-image-preview:large, max-video-preview:-1\" \/>\n<link rel=\"canonical\" href=\"https:\/\/www.acconti.sk\/cs\/potvrdenie-o-zdanitelnych-prijmoch-definicia-obsah-a-lehoty-vystavenia\/\" \/>\n<meta property=\"og:locale\" content=\"cs_CZ\" \/>\n<meta property=\"og:type\" content=\"article\" \/>\n<meta property=\"og:title\" content=\"Potvrdenie o zdanite\u013en\u00fdch pr\u00edjmoch: defin\u00edcia, obsah a lehoty vystavenia - \u00fa\u010dtovn\u00edcka a mzdov\u00e1 agenda\" \/>\n<meta property=\"og:description\" content=\"Potvrdenie o zdanite\u013en\u00fdch pr\u00edjmoch\" \/>\n<meta property=\"og:url\" content=\"https:\/\/www.acconti.sk\/cs\/potvrdenie-o-zdanitelnych-prijmoch-definicia-obsah-a-lehoty-vystavenia\/\" \/>\n<meta property=\"og:site_name\" content=\"\u00fa\u010dtovn\u00edcka a mzdov\u00e1 agenda\" \/>\n<meta property=\"article:published_time\" content=\"2025-02-18T20:43:18+00:00\" \/>\n<meta property=\"og:image\" content=\"https:\/\/www.acconti.sk\/wp-content\/uploads\/2025\/02\/Image58587.jpg\" \/>\n\t<meta property=\"og:image:width\" content=\"375\" \/>\n\t<meta property=\"og:image:height\" content=\"250\" \/>\n\t<meta property=\"og:image:type\" content=\"image\/jpeg\" \/>\n<meta name=\"author\" content=\"Katar\u00edna Lehotsk\u00e1\" \/>\n<meta name=\"twitter:card\" content=\"summary_large_image\" \/>\n<meta name=\"twitter:label1\" content=\"Napsal(a)\" \/>\n\t<meta name=\"twitter:data1\" content=\"Katar\u00edna Lehotsk\u00e1\" \/>\n\t<meta name=\"twitter:label2\" content=\"Odhadovan\u00e1 doba \u010dten\u00ed\" \/>\n\t<meta name=\"twitter:data2\" content=\"4 minuty\" \/>\n<script type=\"application\/ld+json\" class=\"yoast-schema-graph\">{\"@context\":\"https:\/\/schema.org\",\"@graph\":[{\"@type\":\"WebPage\",\"@id\":\"https:\/\/www.acconti.sk\/potvrdenie-o-zdanitelnych-prijmoch-definicia-obsah-a-lehoty-vystavenia\/\",\"url\":\"https:\/\/www.acconti.sk\/potvrdenie-o-zdanitelnych-prijmoch-definicia-obsah-a-lehoty-vystavenia\/\",\"name\":\"Potvrdenie o zdanite\u013en\u00fdch pr\u00edjmoch: defin\u00edcia, obsah a lehoty vystavenia - \u00fa\u010dtovn\u00edcka a mzdov\u00e1 agenda\",\"isPartOf\":{\"@id\":\"https:\/\/www.acconti.sk\/#website\"},\"primaryImageOfPage\":{\"@id\":\"https:\/\/www.acconti.sk\/potvrdenie-o-zdanitelnych-prijmoch-definicia-obsah-a-lehoty-vystavenia\/#primaryimage\"},\"image\":{\"@id\":\"https:\/\/www.acconti.sk\/potvrdenie-o-zdanitelnych-prijmoch-definicia-obsah-a-lehoty-vystavenia\/#primaryimage\"},\"thumbnailUrl\":\"https:\/\/www.acconti.sk\/wp-content\/uploads\/2025\/02\/Image58587.jpg\",\"datePublished\":\"2025-02-18T20:43:18+00:00\",\"author\":{\"@id\":\"https:\/\/www.acconti.sk\/#\/schema\/person\/80578d4b9d7382b1deb329dc709ce85c\"},\"breadcrumb\":{\"@id\":\"https:\/\/www.acconti.sk\/potvrdenie-o-zdanitelnych-prijmoch-definicia-obsah-a-lehoty-vystavenia\/#breadcrumb\"},\"inLanguage\":\"cs\",\"potentialAction\":[{\"@type\":\"ReadAction\",\"target\":[\"https:\/\/www.acconti.sk\/potvrdenie-o-zdanitelnych-prijmoch-definicia-obsah-a-lehoty-vystavenia\/\"]}]},{\"@type\":\"ImageObject\",\"inLanguage\":\"cs\",\"@id\":\"https:\/\/www.acconti.sk\/potvrdenie-o-zdanitelnych-prijmoch-definicia-obsah-a-lehoty-vystavenia\/#primaryimage\",\"url\":\"https:\/\/www.acconti.sk\/wp-content\/uploads\/2025\/02\/Image58587.jpg\",\"contentUrl\":\"https:\/\/www.acconti.sk\/wp-content\/uploads\/2025\/02\/Image58587.jpg\",\"width\":375,\"height\":250},{\"@type\":\"BreadcrumbList\",\"@id\":\"https:\/\/www.acconti.sk\/potvrdenie-o-zdanitelnych-prijmoch-definicia-obsah-a-lehoty-vystavenia\/#breadcrumb\",\"itemListElement\":[{\"@type\":\"ListItem\",\"position\":1,\"name\":\"Home\",\"item\":\"https:\/\/www.acconti.sk\/\"},{\"@type\":\"ListItem\",\"position\":2,\"name\":\"Potvrdenie o zdanite\u013en\u00fdch pr\u00edjmoch: defin\u00edcia, obsah a lehoty vystavenia\"}]},{\"@type\":\"WebSite\",\"@id\":\"https:\/\/www.acconti.sk\/#website\",\"url\":\"https:\/\/www.acconti.sk\/\",\"name\":\"\u00fa\u010dtovn\u00edcka a mzdov\u00e1 agenda\",\"description\":\"\",\"potentialAction\":[{\"@type\":\"SearchAction\",\"target\":{\"@type\":\"EntryPoint\",\"urlTemplate\":\"https:\/\/www.acconti.sk\/?s={search_term_string}\"},\"query-input\":{\"@type\":\"PropertyValueSpecification\",\"valueRequired\":true,\"valueName\":\"search_term_string\"}}],\"inLanguage\":\"cs\"},{\"@type\":\"Person\",\"@id\":\"https:\/\/www.acconti.sk\/#\/schema\/person\/80578d4b9d7382b1deb329dc709ce85c\",\"name\":\"Katar\u00edna Lehotsk\u00e1\",\"image\":{\"@type\":\"ImageObject\",\"inLanguage\":\"cs\",\"@id\":\"https:\/\/www.acconti.sk\/#\/schema\/person\/image\/\",\"url\":\"https:\/\/www.acconti.sk\/wp-content\/uploads\/2024\/10\/1516846420844-150x150.jpg\",\"contentUrl\":\"https:\/\/www.acconti.sk\/wp-content\/uploads\/2024\/10\/1516846420844-150x150.jpg\",\"caption\":\"Katar\u00edna Lehotsk\u00e1\"},\"description\":\"Managing Director and Owner at ACCONTI PLUS s.r.o.\",\"url\":\"https:\/\/www.acconti.sk\/cs\/author\/lehotska\/\"}]}<\/script>\n<!-- \/ Yoast SEO plugin. -->","yoast_head_json":{"title":"Potvrdenie o zdanite\u013en\u00fdch pr\u00edjmoch: defin\u00edcia, obsah a lehoty vystavenia - \u00fa\u010dtovn\u00edcka a mzdov\u00e1 agenda","robots":{"index":"index","follow":"follow","max-snippet":"max-snippet:-1","max-image-preview":"max-image-preview:large","max-video-preview":"max-video-preview:-1"},"canonical":"https:\/\/www.acconti.sk\/cs\/potvrdenie-o-zdanitelnych-prijmoch-definicia-obsah-a-lehoty-vystavenia\/","og_locale":"cs_CZ","og_type":"article","og_title":"Potvrdenie o zdanite\u013en\u00fdch pr\u00edjmoch: defin\u00edcia, obsah a lehoty vystavenia - \u00fa\u010dtovn\u00edcka a mzdov\u00e1 agenda","og_description":"Potvrdenie o zdanite\u013en\u00fdch pr\u00edjmoch","og_url":"https:\/\/www.acconti.sk\/cs\/potvrdenie-o-zdanitelnych-prijmoch-definicia-obsah-a-lehoty-vystavenia\/","og_site_name":"\u00fa\u010dtovn\u00edcka a mzdov\u00e1 agenda","article_published_time":"2025-02-18T20:43:18+00:00","og_image":[{"width":375,"height":250,"url":"https:\/\/www.acconti.sk\/wp-content\/uploads\/2025\/02\/Image58587.jpg","type":"image\/jpeg"}],"author":"Katar\u00edna Lehotsk\u00e1","twitter_card":"summary_large_image","twitter_misc":{"Napsal(a)":"Katar\u00edna Lehotsk\u00e1","Odhadovan\u00e1 doba \u010dten\u00ed":"4 minuty"},"schema":{"@context":"https:\/\/schema.org","@graph":[{"@type":"WebPage","@id":"https:\/\/www.acconti.sk\/potvrdenie-o-zdanitelnych-prijmoch-definicia-obsah-a-lehoty-vystavenia\/","url":"https:\/\/www.acconti.sk\/potvrdenie-o-zdanitelnych-prijmoch-definicia-obsah-a-lehoty-vystavenia\/","name":"Potvrdenie o zdanite\u013en\u00fdch pr\u00edjmoch: defin\u00edcia, obsah a lehoty vystavenia - \u00fa\u010dtovn\u00edcka a mzdov\u00e1 agenda","isPartOf":{"@id":"https:\/\/www.acconti.sk\/#website"},"primaryImageOfPage":{"@id":"https:\/\/www.acconti.sk\/potvrdenie-o-zdanitelnych-prijmoch-definicia-obsah-a-lehoty-vystavenia\/#primaryimage"},"image":{"@id":"https:\/\/www.acconti.sk\/potvrdenie-o-zdanitelnych-prijmoch-definicia-obsah-a-lehoty-vystavenia\/#primaryimage"},"thumbnailUrl":"https:\/\/www.acconti.sk\/wp-content\/uploads\/2025\/02\/Image58587.jpg","datePublished":"2025-02-18T20:43:18+00:00","author":{"@id":"https:\/\/www.acconti.sk\/#\/schema\/person\/80578d4b9d7382b1deb329dc709ce85c"},"breadcrumb":{"@id":"https:\/\/www.acconti.sk\/potvrdenie-o-zdanitelnych-prijmoch-definicia-obsah-a-lehoty-vystavenia\/#breadcrumb"},"inLanguage":"cs","potentialAction":[{"@type":"ReadAction","target":["https:\/\/www.acconti.sk\/potvrdenie-o-zdanitelnych-prijmoch-definicia-obsah-a-lehoty-vystavenia\/"]}]},{"@type":"ImageObject","inLanguage":"cs","@id":"https:\/\/www.acconti.sk\/potvrdenie-o-zdanitelnych-prijmoch-definicia-obsah-a-lehoty-vystavenia\/#primaryimage","url":"https:\/\/www.acconti.sk\/wp-content\/uploads\/2025\/02\/Image58587.jpg","contentUrl":"https:\/\/www.acconti.sk\/wp-content\/uploads\/2025\/02\/Image58587.jpg","width":375,"height":250},{"@type":"BreadcrumbList","@id":"https:\/\/www.acconti.sk\/potvrdenie-o-zdanitelnych-prijmoch-definicia-obsah-a-lehoty-vystavenia\/#breadcrumb","itemListElement":[{"@type":"ListItem","position":1,"name":"Home","item":"https:\/\/www.acconti.sk\/"},{"@type":"ListItem","position":2,"name":"Potvrdenie o zdanite\u013en\u00fdch pr\u00edjmoch: defin\u00edcia, obsah a lehoty vystavenia"}]},{"@type":"WebSite","@id":"https:\/\/www.acconti.sk\/#website","url":"https:\/\/www.acconti.sk\/","name":"\u00fa\u010dtovn\u00edcka a mzdov\u00e1 agenda","description":"","potentialAction":[{"@type":"SearchAction","target":{"@type":"EntryPoint","urlTemplate":"https:\/\/www.acconti.sk\/?s={search_term_string}"},"query-input":{"@type":"PropertyValueSpecification","valueRequired":true,"valueName":"search_term_string"}}],"inLanguage":"cs"},{"@type":"Person","@id":"https:\/\/www.acconti.sk\/#\/schema\/person\/80578d4b9d7382b1deb329dc709ce85c","name":"Katar\u00edna Lehotsk\u00e1","image":{"@type":"ImageObject","inLanguage":"cs","@id":"https:\/\/www.acconti.sk\/#\/schema\/person\/image\/","url":"https:\/\/www.acconti.sk\/wp-content\/uploads\/2024\/10\/1516846420844-150x150.jpg","contentUrl":"https:\/\/www.acconti.sk\/wp-content\/uploads\/2024\/10\/1516846420844-150x150.jpg","caption":"Katar\u00edna Lehotsk\u00e1"},"description":"Managing Director and Owner at ACCONTI PLUS s.r.o.","url":"https:\/\/www.acconti.sk\/cs\/author\/lehotska\/"}]}},"_links":{"self":[{"href":"https:\/\/www.acconti.sk\/cs\/wp-json\/wp\/v2\/posts\/1732","targetHints":{"allow":["GET"]}}],"collection":[{"href":"https:\/\/www.acconti.sk\/cs\/wp-json\/wp\/v2\/posts"}],"about":[{"href":"https:\/\/www.acconti.sk\/cs\/wp-json\/wp\/v2\/types\/post"}],"author":[{"embeddable":true,"href":"https:\/\/www.acconti.sk\/cs\/wp-json\/wp\/v2\/users\/2"}],"replies":[{"embeddable":true,"href":"https:\/\/www.acconti.sk\/cs\/wp-json\/wp\/v2\/comments?post=1732"}],"version-history":[{"count":0,"href":"https:\/\/www.acconti.sk\/cs\/wp-json\/wp\/v2\/posts\/1732\/revisions"}],"wp:featuredmedia":[{"embeddable":true,"href":"https:\/\/www.acconti.sk\/cs\/wp-json\/wp\/v2\/media\/1747"}],"wp:attachment":[{"href":"https:\/\/www.acconti.sk\/cs\/wp-json\/wp\/v2\/media?parent=1732"}],"wp:term":[{"taxonomy":"category","embeddable":true,"href":"https:\/\/www.acconti.sk\/cs\/wp-json\/wp\/v2\/categories?post=1732"},{"taxonomy":"post_tag","embeddable":true,"href":"https:\/\/www.acconti.sk\/cs\/wp-json\/wp\/v2\/tags?post=1732"}],"curies":[{"name":"wp","href":"https:\/\/api.w.org\/{rel}","templated":true}]}}